{"id":266,"date":"2026-08-10T06:31:00","date_gmt":"2026-08-10T10:31:00","guid":{"rendered":"https:\/\/canta.rr.gov.br\/institucional\/prefeitura-de-canta-inicia-reforma-da-posto-de-saude-da-comunidade-indigena-malacacheta\/"},"modified":"2026-08-10T06:31:00","modified_gmt":"2026-08-10T10:31:00","slug":"prefeitura-de-canta-inicia-reforma-da-posto-de-saude-da-comunidade-indigena-malacacheta","status":"publish","type":"post","link":"https:\/\/canta.rr.gov.br\/institucional\/prefeitura-de-canta-inicia-reforma-da-posto-de-saude-da-comunidade-indigena-malacacheta\/","title":{"rendered":"Prefeitura de Cant\u00e1 inicia reforma da Posto de Sa\u00fade da Comunidade Ind\u00edgena Malacacheta"},"content":{"rendered":"<p>A Prefeitura de Cant\u00e1, por meio da Secretaria Municipal de Sa\u00fade (Semsa), iniciou os trabalhos de reforma e revitaliza\u00e7\u00e3o do Posto de Sa\u00fade localizado na <strong>Comunidade Ind\u00edgena Malacacheta<\/strong>. Esta importante iniciativa visa oferecer um espa\u00e7o de atendimento mais digno e funcional para os moradores, fortalecendo a assist\u00eancia em sa\u00fade na regi\u00e3o. Atualmente, as equipes est\u00e3o concentradas nas fases iniciais do projeto, realizando a demoli\u00e7\u00e3o e a retirada de materiais sem aproveitamento. A a\u00e7\u00e3o representa um marco significativo para a comunidade, que aguardava por melhorias estruturais h\u00e1 mais de duas d\u00e9cadas, refletindo o compromisso da gest\u00e3o municipal com a qualidade dos servi\u00e7os p\u00fablicos.<\/p>\n<p>O projeto de reforma na Unidade de Sa\u00fade de Malacacheta contempla diversas etapas essenciais para a moderniza\u00e7\u00e3o do espa\u00e7o. Ap\u00f3s a fase de demoli\u00e7\u00e3o, ser\u00e3o realizadas interven\u00e7\u00f5es estruturais completas, incluindo a revis\u00e3o de telhados, instala\u00e7\u00f5es el\u00e9tricas e hidr\u00e1ulicas, al\u00e9m da amplia\u00e7\u00e3o de ambientes para melhor acolhimento. A revitaliza\u00e7\u00e3o prev\u00ea a cria\u00e7\u00e3o de consult\u00f3rios mais adequados, salas de espera confort\u00e1veis e ambientes acess\u00edveis, beneficiando diretamente a popula\u00e7\u00e3o ind\u00edgena local e as comunidades adjacentes. Esta a\u00e7\u00e3o n\u00e3o se restringe apenas \u00e0 Malacacheta, estendendo-se tamb\u00e9m a unidades de sa\u00fade das vilas <strong>S\u00e3o Raimundo, Central e Caxias<\/strong>, garantindo uma abrang\u00eancia maior dos investimentos em infraestrutura de sa\u00fade.<\/p>\n<p>A urg\u00eancia desta reforma se justifica pelo fato de a unidade de Malacacheta n\u00e3o receber melhorias estruturais h\u00e1 mais de 20 anos, culminando em uma s\u00e9rie de necessidades que comprometiam a qualidade do atendimento. A iniciativa da Prefeitura de Cant\u00e1 integra um esfor\u00e7o maior da gest\u00e3o para modernizar a rede de sa\u00fade municipal, assegurando que todas as comunidades, inclusive as mais remotas, tenham acesso a servi\u00e7os de qualidade. Este investimento na infraestrutura \u00e9 fundamental para a promo\u00e7\u00e3o da sa\u00fade e para o fortalecimento da aten\u00e7\u00e3o prim\u00e1ria, alinhando-se \u00e0s diretrizes de universaliza\u00e7\u00e3o do acesso \u00e0 sa\u00fade p\u00fablica. A melhoria das instala\u00e7\u00f5es impacta diretamente na dignidade dos pacientes e na capacidade de trabalho dos profissionais.<\/p>\n<blockquote>\n<p>A requalifica\u00e7\u00e3o da Unidade de Sa\u00fade de Malacacheta e das demais unidades representa um passo crucial para a sa\u00fade do nosso munic\u00edpio. A gest\u00e3o da pasta est\u00e1 empenhada em entregar espa\u00e7os que realmente atendam \u00e0s necessidades da popula\u00e7\u00e3o, garantindo um ambiente de acolhimento e tratamento adequado. Este compromisso com a infraestrutura \u00e9 a base para a oferta de servi\u00e7os de sa\u00fade cada vez mais eficientes e humanizados, priorizando o bem-estar de todos os cidad\u00e3os de Cant\u00e1.<\/p>\n<\/blockquote>\n<p>Os recursos para a execu\u00e7\u00e3o destas reformas s\u00e3o provenientes de uma importante <strong>emenda parlamentar<\/strong>, demonstrando a articula\u00e7\u00e3o da Prefeitura de Cant\u00e1 na busca por investimentos externos. A previs\u00e3o \u00e9 que os trabalhos avancem rapidamente, com a conclus\u00e3o das obras na Unidade de Malacacheta nos pr\u00f3ximos meses. Durante o per\u00edodo de reforma, a Secretaria Municipal de Sa\u00fade (Semsa) garante a continuidade dos atendimentos essenciais, orientando a popula\u00e7\u00e3o sobre os locais provis\u00f3rios ou alternativas para acesso aos servi\u00e7os de sa\u00fade. Informa\u00e7\u00f5es detalhadas sobre o andamento das obras e os locais de atendimento tempor\u00e1rio s\u00e3o divulgadas nos canais oficiais da Prefeitura e nas pr\u00f3prias comunidades, assegurando a transpar\u00eancia e o acesso \u00e0 informa\u00e7\u00e3o.<\/p>\n<p>A reforma das unidades de sa\u00fade \u00e9 um pilar da gest\u00e3o municipal para a constru\u00e7\u00e3o de um sistema de sa\u00fade mais robusto e equitativo. Esta a\u00e7\u00e3o se soma a outras iniciativas da Prefeitura de Cant\u00e1, como a amplia\u00e7\u00e3o de equipes de sa\u00fade da fam\u00edlia e a oferta de novos programas de preven\u00e7\u00e3o e promo\u00e7\u00e3o da sa\u00fade. O objetivo \u00e9 estabelecer um padr\u00e3o de excel\u00eancia no atendimento, garantindo que cada cidad\u00e3o tenha acesso a servi\u00e7os de qualidade, independentemente de sua localiza\u00e7\u00e3o. A entrega dessas unidades revitalizadas representar\u00e1 um avan\u00e7o significativo na pol\u00edtica de sa\u00fade do munic\u00edpio, com impacto positivo e duradouro na vida de <strong>milhares de fam\u00edlias<\/strong>, reafirmando o compromisso da administra\u00e7\u00e3o com o desenvolvimento social e a qualidade de vida.<\/p>\n","protected":false},"excerpt":{"rendered":"<p>Esta importante iniciativa visa oferecer um espa\u00e7o de atendimento mais digno e funcional para os moradores, fortalecendo a assist\u00eancia em sa\u00fade na regi\u00e3o. Atualmente, as equipes est\u00e3o concentradas nas fases iniciais do projeto, realizando a demoli\u00e7\u00e3o e a retirada de materiais sem aproveitamento.<\/p>\n","protected":false},"author":2,"featured_media":265,"comment_status":"open","ping_status":"open","sticky":false,"template":"","format":"standard","meta":{"footnotes":""},"categories":[3],"tags":[],"class_list":["post-266","post","type-post","status-publish","format-standard","has-post-thumbnail","hentry","category-saude"],"_links":{"self":[{"href":"https:\/\/canta.rr.gov.br\/institucional\/wp-json\/wp\/v2\/posts\/266","targetHints":{"allow":["GET"]}}],"collection":[{"href":"https:\/\/canta.rr.gov.br\/institucional\/wp-json\/wp\/v2\/posts"}],"about":[{"href":"https:\/\/canta.rr.gov.br\/institucional\/wp-json\/wp\/v2\/types\/post"}],"author":[{"embeddable":true,"href":"https:\/\/canta.rr.gov.br\/institucional\/wp-json\/wp\/v2\/users\/2"}],"replies":[{"embeddable":true,"href":"https:\/\/canta.rr.gov.br\/institucional\/wp-json\/wp\/v2\/comments?post=266"}],"version-history":[{"count":0,"href":"https:\/\/canta.rr.gov.br\/institucional\/wp-json\/wp\/v2\/posts\/266\/revisions"}],"wp:featuredmedia":[{"embeddable":true,"href":"https:\/\/canta.rr.gov.br\/institucional\/wp-json\/wp\/v2\/media\/265"}],"wp:attachment":[{"href":"https:\/\/canta.rr.gov.br\/institucional\/wp-json\/wp\/v2\/media?parent=266"}],"wp:term":[{"taxonomy":"category","embeddable":true,"href":"https:\/\/canta.rr.gov.br\/institucional\/wp-json\/wp\/v2\/categories?post=266"},{"taxonomy":"post_tag","embeddable":true,"href":"https:\/\/canta.rr.gov.br\/institucional\/wp-json\/wp\/v2\/tags?post=266"}],"curies":[{"name":"wp","href":"https:\/\/api.w.org\/{rel}","templated":true}]}}