{"id":269,"date":"2026-08-14T03:54:00","date_gmt":"2026-08-14T07:54:00","guid":{"rendered":"https:\/\/canta.rr.gov.br\/institucional\/secretaria-de-educacao-inicia-eja-para-alunos-na-escola-cristo-redentor\/"},"modified":"2026-08-25T12:21:07","modified_gmt":"2026-08-25T16:21:07","slug":"secretaria-de-educacao-inicia-eja-para-alunos-na-escola-cristo-redentor","status":"publish","type":"post","link":"https:\/\/canta.rr.gov.br\/institucional\/secretaria-de-educacao-inicia-eja-para-alunos-na-escola-cristo-redentor\/","title":{"rendered":"Secretaria de Educa\u00e7\u00e3o inicia EJA para alunos na Escola Cristo Redentor"},"content":{"rendered":"<p>A <strong>Prefeitura de Cant\u00e1<\/strong>, por meio da Secretaria Municipal de Educa\u00e7\u00e3o (Semed), iniciou nesta semana as atividades do programa <em>Educa\u00e7\u00e3o de Jovens e Adultos<\/em> (EJA). A Escola Municipal Cristo Redentor, localizada na Vila S\u00e3o Jos\u00e9, acolheu os <strong>17 alunos<\/strong> que agora retomam seus estudos. Esta iniciativa visa proporcionar uma nova chance de forma\u00e7\u00e3o educacional para cidad\u00e3os que n\u00e3o conclu\u00edram o ensino b\u00e1sico em idade regular. A a\u00e7\u00e3o refor\u00e7a o compromisso da administra\u00e7\u00e3o municipal com a inclus\u00e3o social e o acesso democr\u00e1tico ao conhecimento, valorizando o potencial de cada mun\u00edcipe.<\/p>\n<p>Na \u00faltima ter\u00e7a-feira, a Prefeitura de Cant\u00e1, em um evento simb\u00f3lico realizado na pr\u00f3pria escola, entregou os kits de materiais. Os alunos receberam <strong>materiais did\u00e1ticos completos<\/strong>, camisas padronizadas e mochilas, essenciais para o desenvolvimento das atividades pedag\u00f3gicas di\u00e1rias. A Secretaria Municipal de Educa\u00e7\u00e3o planejou cuidadosamente a distribui\u00e7\u00e3o dos itens. O objetivo \u00e9 garantir que os estudantes tenham todos os recursos necess\u00e1rios desde o primeiro dia de aula. A organiza\u00e7\u00e3o da log\u00edstica envolveu equipes da Semed e da gest\u00e3o escolar, demonstrando o cuidado da administra\u00e7\u00e3o com o bem-estar e o aprendizado dos matriculados no programa educacional.<\/p>\n<p>A oferta da EJA representa uma significativa <strong>oportunidade de transforma\u00e7\u00e3o<\/strong> para os mun\u00edcipes que buscam aprimoramento. Muitos dos novos estudantes s\u00e3o pais e m\u00e3es de fam\u00edlia. Eles agora t\u00eam a chance de realizar o sonho de concluir seus estudos, abrindo novas perspectivas para suas vidas pessoais e profissionais. A educa\u00e7\u00e3o \u00e9 reconhecida como pilar fundamental para o desenvolvimento social e econ\u00f4mico. Este programa contribui diretamente para a redu\u00e7\u00e3o do analfabetismo funcional, promove a inser\u00e7\u00e3o social e capacita para o mercado de trabalho. A iniciativa est\u00e1 alinhada \u00e0s pol\u00edticas p\u00fablicas de valoriza\u00e7\u00e3o da educa\u00e7\u00e3o continuada em Cant\u00e1.<\/p>\n<blockquote>\n<p>O in\u00edcio das turmas de EJA na Escola Cristo Redentor simboliza nosso compromisso inabal\u00e1vel com o futuro de nossos cidad\u00e3os. Acreditamos no poder transformador da educa\u00e7\u00e3o, que abre portas para novas perspectivas e para a concretiza\u00e7\u00e3o de sonhos. Nossa gest\u00e3o trabalha incansavelmente para construir uma cidade onde todos tenham a chance de aprender e crescer. Este \u00e9 um investimento cont\u00ednuo no capital humano do nosso munic\u00edpio, fortalecendo a comunidade como um todo. A educa\u00e7\u00e3o \u00e9 a base para o desenvolvimento integral.<\/p>\n<\/blockquote>\n<p>Este novo ciclo da EJA na Escola Cristo Redentor \u00e9 um passo importante que integra uma s\u00e9rie de a\u00e7\u00f5es da Prefeitura de Cant\u00e1 para fortalecer o ensino p\u00fablico. A gest\u00e3o municipal tem investido continuamente em infraestrutura escolar e na capacita\u00e7\u00e3o de professores. A meta \u00e9 garantir uma educa\u00e7\u00e3o de qualidade em todos os n\u00edveis e modalidades, atendendo \u00e0s diversas necessidades da popula\u00e7\u00e3o. O sucesso deste programa inspira a expans\u00e3o para outras comunidades. A Prefeitura planeja mapear novas demandas e estruturar mais turmas. O objetivo final \u00e9 construir um futuro mais promissor para todos os cantanenses atrav\u00e9s do acesso universal ao conhecimento e \u00e0 forma\u00e7\u00e3o cidad\u00e3.<\/p>\n","protected":false},"excerpt":{"rendered":"<p>Esta iniciativa visa proporcionar uma nova chance de forma\u00e7\u00e3o educacional para cidad\u00e3os que n\u00e3o conclu\u00edram o ensino b\u00e1sico em idade regular.<\/p>\n","protected":false},"author":2,"featured_media":270,"comment_status":"open","ping_status":"open","sticky":false,"template":"","format":"standard","meta":{"footnotes":""},"categories":[7],"tags":[],"class_list":["post-269","post","type-post","status-publish","format-standard","has-post-thumbnail","hentry","category-educacao"],"_links":{"self":[{"href":"https:\/\/canta.rr.gov.br\/institucional\/wp-json\/wp\/v2\/posts\/269","targetHints":{"allow":["GET"]}}],"collection":[{"href":"https:\/\/canta.rr.gov.br\/institucional\/wp-json\/wp\/v2\/posts"}],"about":[{"href":"https:\/\/canta.rr.gov.br\/institucional\/wp-json\/wp\/v2\/types\/post"}],"author":[{"embeddable":true,"href":"https:\/\/canta.rr.gov.br\/institucional\/wp-json\/wp\/v2\/users\/2"}],"replies":[{"embeddable":true,"href":"https:\/\/canta.rr.gov.br\/institucional\/wp-json\/wp\/v2\/comments?post=269"}],"version-history":[{"count":1,"href":"https:\/\/canta.rr.gov.br\/institucional\/wp-json\/wp\/v2\/posts\/269\/revisions"}],"predecessor-version":[{"id":271,"href":"https:\/\/canta.rr.gov.br\/institucional\/wp-json\/wp\/v2\/posts\/269\/revisions\/271"}],"wp:featuredmedia":[{"embeddable":true,"href":"https:\/\/canta.rr.gov.br\/institucional\/wp-json\/wp\/v2\/media\/270"}],"wp:attachment":[{"href":"https:\/\/canta.rr.gov.br\/institucional\/wp-json\/wp\/v2\/media?parent=269"}],"wp:term":[{"taxonomy":"category","embeddable":true,"href":"https:\/\/canta.rr.gov.br\/institucional\/wp-json\/wp\/v2\/categories?post=269"},{"taxonomy":"post_tag","embeddable":true,"href":"https:\/\/canta.rr.gov.br\/institucional\/wp-json\/wp\/v2\/tags?post=269"}],"curies":[{"name":"wp","href":"https:\/\/api.w.org\/{rel}","templated":true}]}}