{"id":276,"date":"2026-08-19T05:05:00","date_gmt":"2026-08-19T09:05:00","guid":{"rendered":"https:\/\/canta.rr.gov.br\/institucional\/prefeitura-de-canta-distribui-novos-lotes-de-medicamentos-essenciais-para-ubss\/"},"modified":"2026-08-19T05:05:00","modified_gmt":"2026-08-19T09:05:00","slug":"prefeitura-de-canta-distribui-novos-lotes-de-medicamentos-essenciais-para-ubss","status":"publish","type":"post","link":"https:\/\/canta.rr.gov.br\/institucional\/prefeitura-de-canta-distribui-novos-lotes-de-medicamentos-essenciais-para-ubss\/","title":{"rendered":"Prefeitura de Cant\u00e1 distribui novos lotes de medicamentos essenciais para UBSs"},"content":{"rendered":"<p>A Prefeitura de Cant\u00e1, por meio da <strong>Secretaria Municipal de Sa\u00fade (Semsa)<\/strong>, iniciou nesta semana a distribui\u00e7\u00e3o de novos lotes de medicamentos essenciais para todas as Unidades B\u00e1sicas de Sa\u00fade (UBS) do munic\u00edpio. Esta a\u00e7\u00e3o visa fortalecer a estrutura de atendimento prim\u00e1rio, assegurando que a popula\u00e7\u00e3o tenha acesso cont\u00ednuo aos tratamentos necess\u00e1rios. A iniciativa refor\u00e7a o compromisso da administra\u00e7\u00e3o municipal em promover uma sa\u00fade p\u00fablica mais eficiente e acess\u00edvel, alcan\u00e7ando cidad\u00e3os em todas as regi\u00f5es da cidade. O abastecimento \u00e9 um passo fundamental para manter a qualidade dos servi\u00e7os oferecidos nas unidades de sa\u00fade.<\/p>\n<p>A opera\u00e7\u00e3o de entrega abrangeu diversas unidades, incluindo a UBS Miguel Alves de Matos, localizada na Vila Santa Rita, onde os medicamentos j\u00e1 est\u00e3o sendo cuidadosamente organizados em arm\u00e1rios e estantes da farm\u00e1cia. Este processo garante a correta armazenagem e a r\u00e1pida disponibilidade dos itens para os pacientes. Os lotes incluem uma vasta gama de f\u00e1rmacos, desde medicamentos para doen\u00e7as cr\u00f4nicas como hipertens\u00e3o e diabetes, at\u00e9 antibi\u00f3ticos, analg\u00e9sicos e insumos b\u00e1sicos. A Semsa planeja concluir a distribui\u00e7\u00e3o para todas as <strong> UBSs<\/strong> do munic\u00edpio nas pr\u00f3ximas semanas, otimizando os estoques e evitando qualquer tipo de desabastecimento. A log\u00edstica foi planejada para assegurar agilidade e efici\u00eancia na entrega.<\/p>\n<p>Esta iniciativa da Prefeitura de Cant\u00e1 \u00e9 de suma import\u00e2ncia para a manuten\u00e7\u00e3o da sa\u00fade p\u00fablica e para a garantia da integralidade do cuidado oferecido pelo Sistema \u00danico de Sa\u00fade (SUS) em n\u00edvel municipal. O abastecimento regular de medicamentos nas UBSs \u00e9 crucial para que os cidad\u00e3os possam dar continuidade aos seus tratamentos, prevenindo complica\u00e7\u00f5es e promovendo uma melhor qualidade de vida. A medida est\u00e1 alinhada \u00e0s diretrizes de fortalecimento da aten\u00e7\u00e3o prim\u00e1ria, um dos pilares da gest\u00e3o municipal na \u00e1rea da sa\u00fade. A administra\u00e7\u00e3o entende que o acesso facilitado a medicamentos \u00e9 um direito fundamental e um fator determinante para a sa\u00fade da comunidade.<\/p>\n<blockquote>\n<p>\u201cO abastecimento cont\u00ednuo de medicamentos nas nossas Unidades B\u00e1sicas de Sa\u00fade \u00e9 uma prioridade inegoci\u00e1vel para a gest\u00e3o municipal. Trabalhamos incansavelmente para que cada cidad\u00e3o de Cant\u00e1 encontre o apoio necess\u00e1rio em sua UBS de refer\u00eancia. Esta entrega reflete nosso compromisso em oferecer uma sa\u00fade mais pr\u00f3xima, humana e com a qualidade que a popula\u00e7\u00e3o merece, garantindo que o tratamento n\u00e3o seja interrompido por falta de insumos.\u201d<\/p>\n<\/blockquote>\n<p>Para ter acesso aos medicamentos, os moradores devem procurar a Unidade B\u00e1sica de Sa\u00fade mais pr\u00f3xima de sua resid\u00eancia, munidos de documento de identifica\u00e7\u00e3o com foto, Cart\u00e3o Nacional de Sa\u00fade (Cart\u00e3o SUS) e a receita m\u00e9dica v\u00e1lida emitida por um profissional de sa\u00fade do SUS. O atendimento nas UBSs ocorre de segunda a sexta-feira, em hor\u00e1rio comercial, e a equipe de farmac\u00eauticos e t\u00e9cnicos est\u00e1 preparada para orientar os pacientes sobre o uso correto dos medicamentos. A Prefeitura de Cant\u00e1 reafirma seu empenho em manter a rede de sa\u00fade bem equipada e pronta para atender \u00e0s necessidades da popula\u00e7\u00e3o.<\/p>\n<p>Esta a\u00e7\u00e3o de reabastecimento integra um pacote maior de investimentos da Prefeitura de Cant\u00e1 na \u00e1rea da sa\u00fade, que inclui reformas e amplia\u00e7\u00f5es de unidades, aquisi\u00e7\u00e3o de novos equipamentos e a capacita\u00e7\u00e3o cont\u00ednua dos profissionais. A gest\u00e3o municipal compreende que a sa\u00fade \u00e9 um direito fundamental e um pilar para o desenvolvimento social e econ\u00f4mico. O objetivo \u00e9 construir um sistema de sa\u00fade cada vez mais robusto e responsivo, capaz de atender \u00e0s demandas atuais e futuras da popula\u00e7\u00e3o cantanhense. A Semsa segue monitorando os estoques para assegurar a perenidade do acesso aos <strong>medicamentos essenciais<\/strong> em todas as unidades.<\/p>\n","protected":false},"excerpt":{"rendered":"<p>A opera\u00e7\u00e3o de entrega abrangeu diversas unidades, incluindo a UBS Miguel Alves de Matos, localizada na Vila Santa Rita, onde os medicamentos j\u00e1 est\u00e3o sendo cuidadosamente organizados em arm\u00e1rios e estantes da farm\u00e1cia.<\/p>\n","protected":false},"author":2,"featured_media":275,"comment_status":"open","ping_status":"open","sticky":false,"template":"","format":"standard","meta":{"footnotes":""},"categories":[3],"tags":[],"class_list":["post-276","post","type-post","status-publish","format-standard","has-post-thumbnail","hentry","category-saude"],"_links":{"self":[{"href":"https:\/\/canta.rr.gov.br\/institucional\/wp-json\/wp\/v2\/posts\/276","targetHints":{"allow":["GET"]}}],"collection":[{"href":"https:\/\/canta.rr.gov.br\/institucional\/wp-json\/wp\/v2\/posts"}],"about":[{"href":"https:\/\/canta.rr.gov.br\/institucional\/wp-json\/wp\/v2\/types\/post"}],"author":[{"embeddable":true,"href":"https:\/\/canta.rr.gov.br\/institucional\/wp-json\/wp\/v2\/users\/2"}],"replies":[{"embeddable":true,"href":"https:\/\/canta.rr.gov.br\/institucional\/wp-json\/wp\/v2\/comments?post=276"}],"version-history":[{"count":0,"href":"https:\/\/canta.rr.gov.br\/institucional\/wp-json\/wp\/v2\/posts\/276\/revisions"}],"wp:featuredmedia":[{"embeddable":true,"href":"https:\/\/canta.rr.gov.br\/institucional\/wp-json\/wp\/v2\/media\/275"}],"wp:attachment":[{"href":"https:\/\/canta.rr.gov.br\/institucional\/wp-json\/wp\/v2\/media?parent=276"}],"wp:term":[{"taxonomy":"category","embeddable":true,"href":"https:\/\/canta.rr.gov.br\/institucional\/wp-json\/wp\/v2\/categories?post=276"},{"taxonomy":"post_tag","embeddable":true,"href":"https:\/\/canta.rr.gov.br\/institucional\/wp-json\/wp\/v2\/tags?post=276"}],"curies":[{"name":"wp","href":"https:\/\/api.w.org\/{rel}","templated":true}]}}