{"id":279,"date":"2026-08-17T05:20:00","date_gmt":"2026-08-17T09:20:00","guid":{"rendered":"https:\/\/canta.rr.gov.br\/institucional\/prefeitura-municipal-por-meio-da-secretaria-de-saude-promove-acao-do-programa-saude-na-escola-pse\/"},"modified":"2026-08-17T05:20:00","modified_gmt":"2026-08-17T09:20:00","slug":"prefeitura-municipal-por-meio-da-secretaria-de-saude-promove-acao-do-programa-saude-na-escola-pse","status":"publish","type":"post","link":"https:\/\/canta.rr.gov.br\/institucional\/prefeitura-municipal-por-meio-da-secretaria-de-saude-promove-acao-do-programa-saude-na-escola-pse\/","title":{"rendered":"Prefeitura Municipal, por meio da Secretaria de Sa\u00fade, promove a\u00e7\u00e3o do Programa Sa\u00fade na Escola (PSE)."},"content":{"rendered":"<p>A Prefeitura Municipal, por meio da Secretaria Municipal de Sa\u00fade e em colabora\u00e7\u00e3o com a Secretaria Municipal de Educa\u00e7\u00e3o, implementou uma significativa a\u00e7\u00e3o do <em>Programa Sa\u00fade na Escola<\/em> (PSE) no dia 17 de agosto de 2026. A equipe da Unidade B\u00e1sica de Sa\u00fade (UBS) Martinho Paulo Israel conduziu as atividades na Escola Dr. Arnaldo Brand\u00e3o, localizada na Vila S\u00e3o Raimundo. O objetivo central foi fortalecer a educa\u00e7\u00e3o em sa\u00fade, promover a preven\u00e7\u00e3o de agravos e assegurar o acompanhamento da sa\u00fade de crian\u00e7as e adolescentes. Esta iniciativa refor\u00e7a o compromisso da gest\u00e3o municipal com o bem-estar integral da popula\u00e7\u00e3o estudantil, proporcionando um ambiente escolar mais saud\u00e1vel e informativo.<\/p>\n<p>Durante o per\u00edodo da manh\u00e3, a a\u00e7\u00e3o focou em diversas atividades educativas e de promo\u00e7\u00e3o da sa\u00fade, beneficiando centenas de estudantes. A equipe de sa\u00fade, com a participa\u00e7\u00e3o de uma cirurgi\u00e3-dentista, ministrou palestras e orienta\u00e7\u00f5es detalhadas sobre <strong>sa\u00fade bucal<\/strong>. Foram abordados temas como a import\u00e2ncia da higiene oral e os cuidados essenciais para a preven\u00e7\u00e3o de doen\u00e7as dent\u00e1rias. Para complementar, foram distribu\u00eddos kits de escova\u00e7\u00e3o, promovida a escova\u00e7\u00e3o dental supervisionada e realizada a aplica\u00e7\u00e3o t\u00f3pica de fl\u00faor. Estas medidas visam fortalecer os h\u00e1bitos de higiene bucal entre os alunos. Al\u00e9m disso, a enfermeira da UBS conduziu atividades sobre alimenta\u00e7\u00e3o saud\u00e1vel e a Cultura da Paz, promovendo respeito, empatia e di\u00e1logo no ambiente escolar.<\/p>\n<p>A relev\u00e2ncia desta a\u00e7\u00e3o do <em>Programa Sa\u00fade na Escola<\/em> transcende o momento pontual, integrando-se \u00e0s pol\u00edticas p\u00fablicas municipais de promo\u00e7\u00e3o da sa\u00fade e educa\u00e7\u00e3o. O PSE \u00e9 uma estrat\u00e9gia intersetorial que visa a integra\u00e7\u00e3o e articula\u00e7\u00e3o permanente entre as \u00e1reas da sa\u00fade e da educa\u00e7\u00e3o. Ele contribui diretamente para a forma\u00e7\u00e3o integral dos estudantes, promovendo uma cultura de cuidado e preven\u00e7\u00e3o desde a inf\u00e2ncia e adolesc\u00eancia. A iniciativa aborda problemas cruciais, como a incid\u00eancia de c\u00e1ries, a m\u00e1 alimenta\u00e7\u00e3o e a necessidade de fortalecer a cultura de paz, alinhando-se \u00e0s diretrizes do Sistema \u00danico de Sa\u00fade (SUS) e aos Objetivos de Desenvolvimento Sustent\u00e1vel.<\/p>\n<blockquote>\n<p>A equipe respons\u00e1vel pelo programa ressalta o valor da parceria entre as secretarias de Sa\u00fade e Educa\u00e7\u00e3o. &#8220;\u00c9 fundamental investir na sa\u00fade preventiva e na educa\u00e7\u00e3o dos nossos jovens. Acreditamos que a\u00e7\u00f5es como esta, realizadas no ambiente escolar, s\u00e3o essenciais para formar cidad\u00e3os mais conscientes e saud\u00e1veis. O compromisso da Prefeitura Municipal \u00e9 com a qualidade de vida e o futuro de nossas crian\u00e7as e adolescentes, garantindo que tenham acesso a informa\u00e7\u00f5es e servi\u00e7os que impactam positivamente seu desenvolvimento.&#8221;<\/p>\n<\/blockquote>\n<p>No per\u00edodo da tarde, as atividades foram especificamente direcionadas aos adolescentes, com a realiza\u00e7\u00e3o de uma roda de conversa sobre <strong>educa\u00e7\u00e3o sexual e sa\u00fade sexual e reprodutiva<\/strong>. Foram discutidos temas importantes, incluindo a <strong>preven\u00e7\u00e3o de Infec\u00e7\u00f5es Sexualmente Transmiss\u00edveis (ISTs)<\/strong>, m\u00e9todos contraceptivos, o uso correto de preservativos, responsabilidade, autocuidado e a tomada de decis\u00f5es conscientes. Para ampliar o acesso \u00e0 preven\u00e7\u00e3o e ao diagn\u00f3stico precoce, a equipe de sa\u00fade disponibilizou testes r\u00e1pidos para ISTs e realizou a distribui\u00e7\u00e3o de preservativos. Paralelamente, ao longo de todo o dia, foi realizado o acompanhamento do peso e do desenvolvimento das crian\u00e7as e adolescentes, contribuindo para o <strong>monitoramento das condi\u00e7\u00f5es de sa\u00fade<\/strong> e a identifica\u00e7\u00e3o de poss\u00edveis altera\u00e7\u00f5es. Para mais informa\u00e7\u00f5es sobre os servi\u00e7os de sa\u00fade, os cidad\u00e3os podem procurar a UBS mais pr\u00f3xima ou a sede da Secretaria Municipal de Sa\u00fade, de segunda a sexta-feira, das 8h \u00e0s 17h.<\/p>\n<p>A continuidade e a expans\u00e3o de iniciativas como o <em>Programa Sa\u00fade na Escola<\/em> s\u00e3o prioridades da Prefeitura Municipal. A articula\u00e7\u00e3o entre sa\u00fade e educa\u00e7\u00e3o representa um investimento de longo prazo na constru\u00e7\u00e3o de uma sociedade mais saud\u00e1vel e informada. Essas a\u00e7\u00f5es n\u00e3o apenas abordam necessidades imediatas, mas tamb\u00e9m capacitam os estudantes com conhecimentos e ferramentas para fazer escolhas saud\u00e1veis ao longo de suas vidas. A gest\u00e3o municipal reitera seu compromisso com a promo\u00e7\u00e3o da sa\u00fade integral e a garantia de um futuro promissor para todos os mun\u00edcipes, consolidando uma rede de apoio e cuidado que se estende por todo o territ\u00f3rio municipal.<\/p>\n","protected":false},"excerpt":{"rendered":"<p>A equipe da Unidade B\u00e1sica de Sa\u00fade (UBS) Martinho Paulo Israel conduziu as atividades na Escola Dr. Arnaldo Brand\u00e3o, localizada na Vila S\u00e3o Raimundo. O objetivo central foi fortalecer a educa\u00e7\u00e3o em sa\u00fade, promover a preven\u00e7\u00e3o de agravos e assegurar o acompanhamento da sa\u00fade de crian\u00e7as e adolescentes.<\/p>\n","protected":false},"author":2,"featured_media":278,"comment_status":"open","ping_status":"open","sticky":false,"template":"","format":"standard","meta":{"footnotes":""},"categories":[7,3],"tags":[],"class_list":["post-279","post","type-post","status-publish","format-standard","has-post-thumbnail","hentry","category-educacao","category-saude"],"_links":{"self":[{"href":"https:\/\/canta.rr.gov.br\/institucional\/wp-json\/wp\/v2\/posts\/279","targetHints":{"allow":["GET"]}}],"collection":[{"href":"https:\/\/canta.rr.gov.br\/institucional\/wp-json\/wp\/v2\/posts"}],"about":[{"href":"https:\/\/canta.rr.gov.br\/institucional\/wp-json\/wp\/v2\/types\/post"}],"author":[{"embeddable":true,"href":"https:\/\/canta.rr.gov.br\/institucional\/wp-json\/wp\/v2\/users\/2"}],"replies":[{"embeddable":true,"href":"https:\/\/canta.rr.gov.br\/institucional\/wp-json\/wp\/v2\/comments?post=279"}],"version-history":[{"count":0,"href":"https:\/\/canta.rr.gov.br\/institucional\/wp-json\/wp\/v2\/posts\/279\/revisions"}],"wp:featuredmedia":[{"embeddable":true,"href":"https:\/\/canta.rr.gov.br\/institucional\/wp-json\/wp\/v2\/media\/278"}],"wp:attachment":[{"href":"https:\/\/canta.rr.gov.br\/institucional\/wp-json\/wp\/v2\/media?parent=279"}],"wp:term":[{"taxonomy":"category","embeddable":true,"href":"https:\/\/canta.rr.gov.br\/institucional\/wp-json\/wp\/v2\/categories?post=279"},{"taxonomy":"post_tag","embeddable":true,"href":"https:\/\/canta.rr.gov.br\/institucional\/wp-json\/wp\/v2\/tags?post=279"}],"curies":[{"name":"wp","href":"https:\/\/api.w.org\/{rel}","templated":true}]}}