{"id":288,"date":"2026-08-17T09:31:00","date_gmt":"2026-08-17T13:31:00","guid":{"rendered":"https:\/\/canta.rr.gov.br\/institucional\/prefeitura-de-canta-via-saas-entrega-novo-espaco-para-convivencia-de-jovens-e-idosos\/"},"modified":"2026-08-17T09:31:00","modified_gmt":"2026-08-17T13:31:00","slug":"prefeitura-de-canta-via-saas-entrega-novo-espaco-para-convivencia-de-jovens-e-idosos","status":"publish","type":"post","link":"https:\/\/canta.rr.gov.br\/institucional\/prefeitura-de-canta-via-saas-entrega-novo-espaco-para-convivencia-de-jovens-e-idosos\/","title":{"rendered":"Prefeitura de Cant\u00e1, via SAAS, entrega novo espa\u00e7o para conviv\u00eancia de jovens e idosos"},"content":{"rendered":"<p>A Prefeitura de Cant\u00e1, por meio da Secretaria Municipal de Assist\u00eancia e A\u00e7\u00e3o Social (SAAS), inaugurou nesta semana o novo <em>Centro de Conviv\u00eancia Jos\u00e9 Dirjan dos Santos Guimar\u00e3es<\/em>. O espa\u00e7o, especialmente projetado para promover a intera\u00e7\u00e3o social, o bem-estar e a qualidade de vida, est\u00e1 \u00e0 disposi\u00e7\u00e3o de jovens e idosos do munic\u00edpio. A iniciativa visa fortalecer os la\u00e7os comunit\u00e1rios e oferecer um ambiente acolhedor para a troca de experi\u00eancias e a constru\u00e7\u00e3o de novas mem\u00f3rias entre as diferentes gera\u00e7\u00f5es, consolidando o compromisso da gest\u00e3o municipal com a inclus\u00e3o e o desenvolvimento social.<\/p>\n<p>A cerim\u00f4nia de entrega do Centro de Conviv\u00eancia reuniu diversas autoridades municipais, membros da comunidade e, de forma significativa, <strong>82 idosos do Grupo Girassol<\/strong>, que ser\u00e3o beneficiados diretamente pelas atividades do local. Durante o evento, a SAAS realizou a entrega de kits especiais para os idosos, contendo itens essenciais para o seu conforto e lazer. Cada kit inclui um guarda-sol, garrafa t\u00e9rmica, protetor solar, toalha de rosto e rede com mosquiteiro, pensados para proporcionar maior comodidade e prote\u00e7\u00e3o. O novo equipamento p\u00fablico conta com \u00e1reas de lazer e espa\u00e7os dedicados a oficinas e atividades recreativas.<\/p>\n<p>A denomina\u00e7\u00e3o do centro \u00e9 uma justa homenagem ao ex-socorrista do SAMU, Jos\u00e9 Dirjan dos Santos Guimar\u00e3es, proposta pelo vereador Deda Guimar\u00e3es. O prefeito Andr\u00e9 Castro destacou a relev\u00e2ncia desta mem\u00f3ria para a comunidade, ressaltando o legado de servi\u00e7o e dedica\u00e7\u00e3o de Jos\u00e9 Dirjan. A cria\u00e7\u00e3o do Centro de Conviv\u00eancia refor\u00e7a as pol\u00edticas p\u00fablicas municipais de valoriza\u00e7\u00e3o do idoso e de promo\u00e7\u00e3o da juventude, oferecendo suporte para o envelhecimento ativo e para o desenvolvimento integral dos jovens. Este espa\u00e7o \u00e9 fundamental para combater o isolamento social e estimular a participa\u00e7\u00e3o cidad\u00e3 em Cant\u00e1.<\/p>\n<blockquote><p>\n    A entrega deste Centro de Conviv\u00eancia reflete o compromisso inabal\u00e1vel da administra\u00e7\u00e3o municipal com a promo\u00e7\u00e3o da cidadania e a melhoria da qualidade de vida de todos os mun\u00edcipes. Investir em espa\u00e7os de conviv\u00eancia \u00e9 investir no futuro da nossa comunidade, garantindo que jovens e idosos encontrem apoio, alegria e oportunidades de crescimento. Esta \u00e9 uma prioridade da gest\u00e3o, que busca incessantemente solu\u00e7\u00f5es para as demandas sociais.\n<\/p><\/blockquote>\n<p>Para o cidad\u00e3o interessado em participar das atividades oferecidas pelo <em>Centro de Conviv\u00eancia Jos\u00e9 Dirjan dos Santos Guimar\u00e3es<\/em>, a Secretaria Municipal de Assist\u00eancia e A\u00e7\u00e3o Social (SAAS) disponibilizar\u00e1 informa\u00e7\u00f5es detalhadas em breve. O Centro oferecer\u00e1 uma programa\u00e7\u00e3o diversificada de oficinas culturais, recreativas e educativas, al\u00e9m de palestras sobre temas relevantes para o p\u00fablico jovem e idoso. As inscri\u00e7\u00f5es e o cronograma completo das atividades poder\u00e3o ser consultados diretamente na sede da SAAS ou no pr\u00f3prio Centro de Conviv\u00eancia, que funcionar\u00e1 em hor\u00e1rio comercial. A Prefeitura Municipal convida a todos para conhecerem este novo espa\u00e7o de integra\u00e7\u00e3o.<\/p>\n<p>A inaugura\u00e7\u00e3o deste Centro de Conviv\u00eancia representa um marco significativo para o munic\u00edpio de Cant\u00e1, somando-se a outras iniciativas da gest\u00e3o municipal que visam ao desenvolvimento social e \u00e0 infraestrutura comunit\u00e1ria. A Prefeitura de Cant\u00e1 reafirma seu empenho em expandir os programas de assist\u00eancia social, buscando sempre novas parcerias e recursos para atender \u00e0s necessidades da popula\u00e7\u00e3o. O objetivo \u00e9 construir uma cidade mais inclusiva, onde todas as faixas et\u00e1rias tenham acesso a servi\u00e7os de qualidade e oportunidades para uma vida plena e participativa.<\/p>\n","protected":false},"excerpt":{"rendered":"<p>A iniciativa visa fortalecer os la\u00e7os comunit\u00e1rios e oferecer um ambiente acolhedor para a troca de experi\u00eancias e a constru\u00e7\u00e3o de novas mem\u00f3rias entre as diferentes gera\u00e7\u00f5es, consolidando o compromisso da gest\u00e3o municipal com a inclus\u00e3o e o desenvolvimento social.<\/p>\n","protected":false},"author":2,"featured_media":286,"comment_status":"open","ping_status":"open","sticky":false,"template":"","format":"standard","meta":{"footnotes":""},"categories":[2],"tags":[],"class_list":["post-288","post","type-post","status-publish","format-standard","has-post-thumbnail","hentry","category-assistencia-social"],"_links":{"self":[{"href":"https:\/\/canta.rr.gov.br\/institucional\/wp-json\/wp\/v2\/posts\/288","targetHints":{"allow":["GET"]}}],"collection":[{"href":"https:\/\/canta.rr.gov.br\/institucional\/wp-json\/wp\/v2\/posts"}],"about":[{"href":"https:\/\/canta.rr.gov.br\/institucional\/wp-json\/wp\/v2\/types\/post"}],"author":[{"embeddable":true,"href":"https:\/\/canta.rr.gov.br\/institucional\/wp-json\/wp\/v2\/users\/2"}],"replies":[{"embeddable":true,"href":"https:\/\/canta.rr.gov.br\/institucional\/wp-json\/wp\/v2\/comments?post=288"}],"version-history":[{"count":0,"href":"https:\/\/canta.rr.gov.br\/institucional\/wp-json\/wp\/v2\/posts\/288\/revisions"}],"wp:featuredmedia":[{"embeddable":true,"href":"https:\/\/canta.rr.gov.br\/institucional\/wp-json\/wp\/v2\/media\/286"}],"wp:attachment":[{"href":"https:\/\/canta.rr.gov.br\/institucional\/wp-json\/wp\/v2\/media?parent=288"}],"wp:term":[{"taxonomy":"category","embeddable":true,"href":"https:\/\/canta.rr.gov.br\/institucional\/wp-json\/wp\/v2\/categories?post=288"},{"taxonomy":"post_tag","embeddable":true,"href":"https:\/\/canta.rr.gov.br\/institucional\/wp-json\/wp\/v2\/tags?post=288"}],"curies":[{"name":"wp","href":"https:\/\/api.w.org\/{rel}","templated":true}]}}