{"id":291,"date":"2026-08-20T09:49:00","date_gmt":"2026-08-20T13:49:00","guid":{"rendered":"https:\/\/canta.rr.gov.br\/institucional\/semed-e-semsutro-levam-educacao-no-transito-a-escola-dr-arnaldo-brandao\/"},"modified":"2026-08-20T09:49:00","modified_gmt":"2026-08-20T13:49:00","slug":"semed-e-semsutro-levam-educacao-no-transito-a-escola-dr-arnaldo-brandao","status":"publish","type":"post","link":"https:\/\/canta.rr.gov.br\/institucional\/semed-e-semsutro-levam-educacao-no-transito-a-escola-dr-arnaldo-brandao\/","title":{"rendered":"Semed e Semsutro levam educa\u00e7\u00e3o no tr\u00e2nsito \u00e0 Escola Dr. Arnaldo Brand\u00e3o"},"content":{"rendered":"<p>A Prefeitura de Cant\u00e1, por meio da Secretaria Municipal de Educa\u00e7\u00e3o (Semed) e em colabora\u00e7\u00e3o com a Secretaria Municipal de Seguran\u00e7a Urbana e Tr\u00e2nsito Rodovi\u00e1rio (Semsutro), promoveu uma relevante a\u00e7\u00e3o educativa. A iniciativa, focada em seguran\u00e7a e educa\u00e7\u00e3o no tr\u00e2nsito, ocorreu durante a <strong>1\u00aa Semana Cultural da Escola Dr. Arnaldo Brand\u00e3o<\/strong>. O evento buscou conscientizar os estudantes sobre pr\u00e1ticas seguras no ambiente vi\u00e1rio, refor\u00e7ando o compromisso da administra\u00e7\u00e3o municipal com a forma\u00e7\u00e3o cidad\u00e3 desde a inf\u00e2ncia. Esta parceria intersetorial demonstra a prioridade da gest\u00e3o em temas essenciais para o bem-estar da comunidade.<\/p>\n<p>A programa\u00e7\u00e3o da a\u00e7\u00e3o educativa foi composta por palestras interativas, din\u00e2micas l\u00fadicas e a distribui\u00e7\u00e3o de material informativo, abordando t\u00f3picos cruciais. Entre os temas discutidos, destacaram-se o uso correto da faixa de pedestres, a import\u00e2ncia do cinto de seguran\u00e7a e os riscos associados \u00e0 condu\u00e7\u00e3o imprudente. O evento contou com a presen\u00e7a do Secret\u00e1rio Municipal de Seguran\u00e7a Urbana e Tr\u00e2nsito Rodovi\u00e1rio, Nilmar Guimar\u00e3es, que ressaltou a relev\u00e2ncia da integra\u00e7\u00e3o entre as pastas. Representantes da Pol\u00edcia Militar, <strong>Sub-Tenente Cl\u00e1udio<\/strong> e <strong>Sargento Aldeniro Leggings<\/strong>, conduziram atividades pr\u00e1ticas, simulando situa\u00e7\u00f5es de tr\u00e2nsito e orientando os alunos sobre condutas preventivas. A equipe da Semsutro tamb\u00e9m ofereceu suporte t\u00e9cnico e pedag\u00f3gico.<\/p>\n<p>A educa\u00e7\u00e3o para o tr\u00e2nsito constitui um pilar fundamental nas pol\u00edticas p\u00fablicas de seguran\u00e7a vi\u00e1ria desenvolvidas pelo munic\u00edpio. A Prefeitura de Cant\u00e1 reconhece a necessidade de formar cidad\u00e3os conscientes desde as primeiras fases da vida escolar, capacitando-os a agir de forma respons\u00e1vel. Isso inclui o papel de pedestres, ciclistas e futuros motoristas. Esta a\u00e7\u00e3o na Escola Dr. Arnaldo Brand\u00e3o integra um plano mais abrangente de redu\u00e7\u00e3o de acidentes e promo\u00e7\u00e3o de um tr\u00e2nsito mais humano e seguro. A inclus\u00e3o de temas t\u00e3o relevantes no calend\u00e1rio escolar, especialmente durante a <em>Semana Cultural<\/em>, potencializa o alcance e a efetividade das mensagens transmitidas aos jovens.<\/p>\n<blockquote><p>&#8220;Acreditamos que a educa\u00e7\u00e3o \u00e9 a ferramenta mais poderosa para construir um futuro com menos acidentes e mais respeito no tr\u00e2nsito. A parceria entre as secretarias e as for\u00e7as de seguran\u00e7a demonstra o compromisso da gest\u00e3o municipal em investir na forma\u00e7\u00e3o de nossas crian\u00e7as e adolescentes. Estamos plantando sementes de responsabilidade e cidadania que certamente colheremos em um tr\u00e2nsito mais seguro para todos os mun\u00edcipes.&#8221;<\/p><\/blockquote>\n<p>, afirmou o(a) gestor(a) da pasta, refor\u00e7ando o impacto positivo da iniciativa e o foco da administra\u00e7\u00e3o.<\/p>\n<p>A Prefeitura de Cant\u00e1, por interm\u00e9dio da Semed e da Semsutro, mant\u00e9m um cronograma cont\u00ednuo de a\u00e7\u00f5es educativas sobre tr\u00e2nsito em diversas unidades de ensino do munic\u00edpio. O objetivo \u00e9 expandir o alcance destas iniciativas, garantindo que mais estudantes tenham acesso a informa\u00e7\u00f5es cruciais para a constru\u00e7\u00e3o de um tr\u00e2nsito mais seguro e consciente. A administra\u00e7\u00e3o municipal reitera seu <strong>compromisso com a vida<\/strong> e a seguran\u00e7a de todos os cidad\u00e3os.<\/p>\n","protected":false},"excerpt":{"rendered":"<p>O evento buscou conscientizar os estudantes sobre pr\u00e1ticas seguras no ambiente vi\u00e1rio, refor\u00e7ando o compromisso da administra\u00e7\u00e3o municipal com a forma\u00e7\u00e3o cidad\u00e3 desde a inf\u00e2ncia.<\/p>\n","protected":false},"author":2,"featured_media":290,"comment_status":"open","ping_status":"open","sticky":false,"template":"","format":"standard","meta":{"footnotes":""},"categories":[7,5],"tags":[],"class_list":["post-291","post","type-post","status-publish","format-standard","has-post-thumbnail","hentry","category-educacao","category-seguranca"],"_links":{"self":[{"href":"https:\/\/canta.rr.gov.br\/institucional\/wp-json\/wp\/v2\/posts\/291","targetHints":{"allow":["GET"]}}],"collection":[{"href":"https:\/\/canta.rr.gov.br\/institucional\/wp-json\/wp\/v2\/posts"}],"about":[{"href":"https:\/\/canta.rr.gov.br\/institucional\/wp-json\/wp\/v2\/types\/post"}],"author":[{"embeddable":true,"href":"https:\/\/canta.rr.gov.br\/institucional\/wp-json\/wp\/v2\/users\/2"}],"replies":[{"embeddable":true,"href":"https:\/\/canta.rr.gov.br\/institucional\/wp-json\/wp\/v2\/comments?post=291"}],"version-history":[{"count":0,"href":"https:\/\/canta.rr.gov.br\/institucional\/wp-json\/wp\/v2\/posts\/291\/revisions"}],"wp:featuredmedia":[{"embeddable":true,"href":"https:\/\/canta.rr.gov.br\/institucional\/wp-json\/wp\/v2\/media\/290"}],"wp:attachment":[{"href":"https:\/\/canta.rr.gov.br\/institucional\/wp-json\/wp\/v2\/media?parent=291"}],"wp:term":[{"taxonomy":"category","embeddable":true,"href":"https:\/\/canta.rr.gov.br\/institucional\/wp-json\/wp\/v2\/categories?post=291"},{"taxonomy":"post_tag","embeddable":true,"href":"https:\/\/canta.rr.gov.br\/institucional\/wp-json\/wp\/v2\/tags?post=291"}],"curies":[{"name":"wp","href":"https:\/\/api.w.org\/{rel}","templated":true}]}}