{"id":293,"date":"2026-08-25T03:47:00","date_gmt":"2026-08-25T07:47:00","guid":{"rendered":"https:\/\/canta.rr.gov.br\/institucional\/?p=293"},"modified":"2026-09-01T12:04:37","modified_gmt":"2026-09-01T16:04:37","slug":"semsa-de-canta-promove-dia-d-de-vacinacao-hpv-e-busca-ativa-em-bairros","status":"publish","type":"post","link":"https:\/\/canta.rr.gov.br\/institucional\/semsa-de-canta-promove-dia-d-de-vacinacao-hpv-e-busca-ativa-em-bairros\/","title":{"rendered":"Semsa de Cant\u00e1 promove Dia D de vacina\u00e7\u00e3o HPV e busca ativa em bairros"},"content":{"rendered":"<p>A Prefeitura de Cant\u00e1, por meio da Secretaria Municipal de Sa\u00fade (Semsa), promoveu no \u00faltimo s\u00e1bado um <em>Dia D de Vacina\u00e7\u00e3o<\/em> em bairros estrat\u00e9gicos do munic\u00edpio. A a\u00e7\u00e3o concentrou-se no bairro das Palmeiras, Vila Central e Km 20, com o objetivo primordial de intensificar a busca ativa por crian\u00e7as e adolescentes. O foco principal foi o resgate da vacina\u00e7\u00e3o contra o <strong>Papilomav\u00edrus Humano (HPV)<\/strong>, crucial para a sa\u00fade preventiva. Al\u00e9m disso, foram disponibilizadas outras vacinas importantes para adolescentes na faixa et\u00e1ria de 15 a 19 anos, visando atualizar o calend\u00e1rio vacinal e proteger a popula\u00e7\u00e3o jovem. Ao final da jornada, a iniciativa resultou na aplica\u00e7\u00e3o de <strong>220 doses<\/strong> de vacinas no total.<\/p>\n<p>A mobiliza\u00e7\u00e3o do <em>Dia D<\/em> envolveu equipes dedicadas da Semsa, que percorreram as comunidades para identificar e convocar os p\u00fablicos-alvo. Esta estrat\u00e9gia de busca ativa \u00e9 fundamental para alcan\u00e7ar aqueles que, por diversos motivos, n\u00e3o comparecem aos postos de sa\u00fade regularmente. A vacina\u00e7\u00e3o contra o HPV foi priorit\u00e1ria, direcionada a crian\u00e7as e adolescentes conforme as diretrizes do Programa Nacional de Imuniza\u00e7\u00f5es (PNI).<\/p>\n<p>A import\u00e2ncia desta iniciativa transcende a aplica\u00e7\u00e3o imediata das doses, inserindo-se na pol\u00edtica de sa\u00fade p\u00fablica de longo prazo da Prefeitura de Cant\u00e1. A vacina\u00e7\u00e3o contra o HPV \u00e9 uma ferramenta vital na preven\u00e7\u00e3o de diversos tipos de c\u00e2ncer, especialmente o c\u00e2ncer de colo de \u00fatero em mulheres e outros c\u00e2nceres relacionados ao v\u00edrus em ambos os sexos. Resgatar a cobertura vacinal neste grupo et\u00e1rio \u00e9 um passo decisivo para proteger o futuro da juventude do munic\u00edpio. O esfor\u00e7o da Semsa em levar a vacina diretamente aos bairros demonstra o compromisso da gest\u00e3o em superar barreiras de acesso e garantir que todos os cidad\u00e3os tenham suas imuniza\u00e7\u00f5es em dia, seguindo as recomenda\u00e7\u00f5es dos \u00f3rg\u00e3os de sa\u00fade.<\/p>\n<blockquote>\n<p>A sa\u00fade de nossa popula\u00e7\u00e3o \u00e9 uma prioridade inegoci\u00e1vel para a Prefeitura de Cant\u00e1. Realizar a\u00e7\u00f5es como este <em>Dia D de Vacina\u00e7\u00e3o<\/em> refor\u00e7a nosso compromisso em proteger crian\u00e7as e adolescentes, garantindo um futuro mais saud\u00e1vel. A busca ativa \u00e9 essencial para que nenhuma crian\u00e7a ou jovem fique desprotegido. Agradecemos a colabora\u00e7\u00e3o da comunidade e reafirmamos que a Semsa continuar\u00e1 trabalhando incansavelmente para manter a cobertura vacinal em n\u00edveis ideais, prevenindo doen\u00e7as e promovendo bem-estar em todos os cantos do munic\u00edpio.<\/p>\n<\/blockquote>\n<p>Para aqueles que n\u00e3o puderam participar do <em>Dia D<\/em>, a Prefeitura de Cant\u00e1 refor\u00e7a que a vacina\u00e7\u00e3o est\u00e1 dispon\u00edvel de forma cont\u00ednua em todas as Unidades B\u00e1sicas de Sa\u00fade (UBS) do munic\u00edpio. Os cidad\u00e3os podem procurar a unidade mais pr\u00f3xima de sua resid\u00eancia, de segunda a sexta-feira, durante o hor\u00e1rio de atendimento, para verificar o calend\u00e1rio vacinal e receber as doses necess\u00e1rias. \u00c9 fundamental apresentar um documento de identifica\u00e7\u00e3o e o cart\u00e3o de vacina\u00e7\u00e3o para facilitar o registro. A Semsa tamb\u00e9m disponibiliza informa\u00e7\u00f5es adicionais atrav\u00e9s de seus canais de comunica\u00e7\u00e3o oficiais e na sede da secretaria, assegurando que o acesso \u00e0 sa\u00fade preventiva seja sempre facilitado para toda a popula\u00e7\u00e3o.<\/p>\n<p>Esta a\u00e7\u00e3o espec\u00edfica faz parte de um conjunto mais amplo de estrat\u00e9gias da Prefeitura de Cant\u00e1 e da Semsa para fortalecer a sa\u00fade p\u00fablica municipal. A gest\u00e3o tem investido na melhoria cont\u00ednua dos servi\u00e7os de imuniza\u00e7\u00e3o, promovendo campanhas regulares e buscando parcerias para ampliar o alcance das vacinas. A meta \u00e9 n\u00e3o apenas atingir, mas tamb\u00e9m manter altas taxas de cobertura vacinal, protegendo a comunidade contra doen\u00e7as imunopreven\u00edveis. O trabalho integrado das equipes de sa\u00fade reflete o empenho em construir um futuro com mais qualidade de vida e bem-estar para todos os moradores de Cant\u00e1, com foco na preven\u00e7\u00e3o e na promo\u00e7\u00e3o da sa\u00fade desde a inf\u00e2ncia.<\/p>\n","protected":false},"excerpt":{"rendered":"<p>A a\u00e7\u00e3o concentrou-se no bairro das Palmeiras, Vila Central e Km 20, com o objetivo primordial de intensificar a busca ativa por crian\u00e7as e adolescentes. O foco principal foi o resgate da vacina\u00e7\u00e3o contra o Papilomav\u00edrus Humano (HPV), crucial para a sa\u00fade preventiva.<\/p>\n","protected":false},"author":2,"featured_media":292,"comment_status":"open","ping_status":"open","sticky":false,"template":"","format":"standard","meta":{"footnotes":""},"categories":[3],"tags":[],"class_list":["post-293","post","type-post","status-publish","format-standard","has-post-thumbnail","hentry","category-saude"],"_links":{"self":[{"href":"https:\/\/canta.rr.gov.br\/institucional\/wp-json\/wp\/v2\/posts\/293","targetHints":{"allow":["GET"]}}],"collection":[{"href":"https:\/\/canta.rr.gov.br\/institucional\/wp-json\/wp\/v2\/posts"}],"about":[{"href":"https:\/\/canta.rr.gov.br\/institucional\/wp-json\/wp\/v2\/types\/post"}],"author":[{"embeddable":true,"href":"https:\/\/canta.rr.gov.br\/institucional\/wp-json\/wp\/v2\/users\/2"}],"replies":[{"embeddable":true,"href":"https:\/\/canta.rr.gov.br\/institucional\/wp-json\/wp\/v2\/comments?post=293"}],"version-history":[{"count":1,"href":"https:\/\/canta.rr.gov.br\/institucional\/wp-json\/wp\/v2\/posts\/293\/revisions"}],"predecessor-version":[{"id":294,"href":"https:\/\/canta.rr.gov.br\/institucional\/wp-json\/wp\/v2\/posts\/293\/revisions\/294"}],"wp:featuredmedia":[{"embeddable":true,"href":"https:\/\/canta.rr.gov.br\/institucional\/wp-json\/wp\/v2\/media\/292"}],"wp:attachment":[{"href":"https:\/\/canta.rr.gov.br\/institucional\/wp-json\/wp\/v2\/media?parent=293"}],"wp:term":[{"taxonomy":"category","embeddable":true,"href":"https:\/\/canta.rr.gov.br\/institucional\/wp-json\/wp\/v2\/categories?post=293"},{"taxonomy":"post_tag","embeddable":true,"href":"https:\/\/canta.rr.gov.br\/institucional\/wp-json\/wp\/v2\/tags?post=293"}],"curies":[{"name":"wp","href":"https:\/\/api.w.org\/{rel}","templated":true}]}}