{"id":296,"date":"2026-08-31T08:07:00","date_gmt":"2026-08-31T12:07:00","guid":{"rendered":"https:\/\/canta.rr.gov.br\/institucional\/saas-de-canta-encerra-agosto-lilas-com-conscientizacao-sobre-violencia-contra-a-mulher\/"},"modified":"2026-08-31T08:07:00","modified_gmt":"2026-08-31T12:07:00","slug":"saas-de-canta-encerra-agosto-lilas-com-conscientizacao-sobre-violencia-contra-a-mulher","status":"publish","type":"post","link":"https:\/\/canta.rr.gov.br\/institucional\/saas-de-canta-encerra-agosto-lilas-com-conscientizacao-sobre-violencia-contra-a-mulher\/","title":{"rendered":"SAAS de Cant\u00e1 encerra Agosto Lil\u00e1s com conscientiza\u00e7\u00e3o sobre viol\u00eancia contra a mulher"},"content":{"rendered":"<p>A Prefeitura de Cant\u00e1, por meio da Secretaria Municipal de Assist\u00eancia e A\u00e7\u00e3o Social (SAAS), promoveu o encerramento da programa\u00e7\u00e3o do <em>Agosto Lil\u00e1s<\/em> com um significativo momento de conscientiza\u00e7\u00e3o. O evento, realizado no final do m\u00eas dedicado \u00e0 campanha, focou na import\u00e2ncia do combate \u00e0 <strong>viol\u00eancia contra a mulher<\/strong>. A iniciativa reuniu cidad\u00e3s e autoridades, destacando a necessidade de informa\u00e7\u00e3o e o fortalecimento da rede de apoio no munic\u00edpio. O objetivo principal foi sensibilizar a popula\u00e7\u00e3o e oferecer ferramentas para que as mulheres possam identificar e denunciar situa\u00e7\u00f5es de viol\u00eancia, refor\u00e7ando o compromisso da gest\u00e3o municipal com a seguran\u00e7a e os direitos femininos.<\/p>\n<p>Durante o encontro, a secret\u00e1ria de Assist\u00eancia e A\u00e7\u00e3o Social, Renata Ferreira, ressaltou a relev\u00e2ncia da a\u00e7\u00e3o para todas as mulheres presentes, enfatizando o papel da SAAS no acolhimento e suporte \u00e0s v\u00edtimas. A programa\u00e7\u00e3o incluiu a participa\u00e7\u00e3o da comandante J\u00e9ssica Pereira, da <em>Patrulha Maria da Penha<\/em> de Boa Vista, que compartilhou orienta\u00e7\u00f5es cruciais. Foram abordados temas como os direitos assegurados pela legisla\u00e7\u00e3o, as formas de prote\u00e7\u00e3o dispon\u00edveis e os caminhos eficazes para buscar ajuda. A comandante Pereira refor\u00e7ou a import\u00e2ncia de uma rede de prote\u00e7\u00e3o integrada e acess\u00edvel, fundamental para garantir a seguran\u00e7a e a dignidade das mulheres em Cant\u00e1 e regi\u00e3o.<\/p>\n<p>A campanha <em>Agosto Lil\u00e1s<\/em>, institu\u00edda por lei federal, intensifica a conscientiza\u00e7\u00e3o sobre a viol\u00eancia dom\u00e9stica e familiar contra a mulher, em alus\u00e3o \u00e0 san\u00e7\u00e3o da <strong>Lei Maria da Penha<\/strong> (Lei n\u00ba 11.340\/2006). A Prefeitura de Cant\u00e1 reconhece que a viol\u00eancia contra a mulher jamais deve ser normalizada ou aceita em qualquer de suas manifesta\u00e7\u00f5es. A administra\u00e7\u00e3o municipal, por meio de suas secretarias, trabalha continuamente para desconstruir padr\u00f5es de comportamento prejudiciais e para empoderar as mulheres. Esta a\u00e7\u00e3o se conecta a uma s\u00e9rie de pol\u00edticas p\u00fablicas que visam \u00e0 constru\u00e7\u00e3o de uma sociedade mais justa, igualit\u00e1ria e livre de viol\u00eancia de g\u00eanero para todos os mun\u00edcipes.<\/p>\n<blockquote><p>\n    A Prefeitura de Cant\u00e1 mant\u00e9m um compromisso inabal\u00e1vel com a prote\u00e7\u00e3o e o empoderamento feminino. O trabalho realizado durante o <em>Agosto Lil\u00e1s<\/em> \u00e9 um reflexo da nossa prioridade em garantir que todas as mulheres do munic\u00edpio conhe\u00e7am seus direitos e saibam onde buscar ajuda. Acreditamos que a informa\u00e7\u00e3o \u00e9 uma poderosa ferramenta na luta contra a viol\u00eancia, e continuaremos a fortalecer nossa rede de apoio para construir um futuro mais seguro e digno para todas.\n<\/p><\/blockquote>\n<p>Em caso de viol\u00eancia, a den\u00fancia e a busca por aux\u00edlio s\u00e3o passos essenciais. A Prefeitura de Cant\u00e1 refor\u00e7a os canais de atendimento dispon\u00edveis para as mulheres. \u00c9 poss\u00edvel procurar a <em>Patrulha Maria da Penha<\/em>, os servi\u00e7os da Secretaria Municipal de Assist\u00eancia e A\u00e7\u00e3o Social, os equipamentos de sa\u00fade do munic\u00edpio ou a Delegacia Especializada de Atendimento \u00e0 Mulher mais pr\u00f3xima. O atendimento nesses locais \u00e9 sigiloso e visa a oferecer todo o suporte necess\u00e1rio. A SAAS, localizada na Rua Francisco Alves Gondim &#8211; Bairro Ant\u00f4nio Chagas Pinto, est\u00e1 dispon\u00edvel de segunda a sexta-feira, das 8h \u00e0s 17h, para acolhimento e orienta\u00e7\u00e3o.<\/p>\n<p>O encerramento do <em>Agosto Lil\u00e1s<\/em> n\u00e3o significa o fim das a\u00e7\u00f5es de combate \u00e0 viol\u00eancia em Cant\u00e1. A Prefeitura Municipal, em parceria com \u00f3rg\u00e3os de seguran\u00e7a e a sociedade civil, mant\u00e9m um calend\u00e1rio cont\u00ednuo de programas e iniciativas. O objetivo \u00e9 consolidar uma cultura de respeito e prote\u00e7\u00e3o, garantindo que o tema permane\u00e7a em pauta durante todo o ano. A administra\u00e7\u00e3o municipal reitera seu empenho em promover a igualdade de g\u00eanero e em assegurar que cada mulher em Cant\u00e1 viva com <strong>dignidade e seguran\u00e7a<\/strong>, livre de qualquer forma de viol\u00eancia, construindo um futuro mais promissor para todos os cidad\u00e3os.<\/p>\n","protected":false},"excerpt":{"rendered":"<p>Durante o encontro, a secret\u00e1ria de Assist\u00eancia e A\u00e7\u00e3o Social, Renata Ferreira, ressaltou a relev\u00e2ncia da a\u00e7\u00e3o para todas as mulheres presentes, enfatizando o papel da SAAS no acolhimento e suporte \u00e0s v\u00edtimas.<\/p>\n","protected":false},"author":2,"featured_media":295,"comment_status":"open","ping_status":"open","sticky":false,"template":"","format":"standard","meta":{"footnotes":""},"categories":[2],"tags":[],"class_list":["post-296","post","type-post","status-publish","format-standard","has-post-thumbnail","hentry","category-assistencia-social"],"_links":{"self":[{"href":"https:\/\/canta.rr.gov.br\/institucional\/wp-json\/wp\/v2\/posts\/296","targetHints":{"allow":["GET"]}}],"collection":[{"href":"https:\/\/canta.rr.gov.br\/institucional\/wp-json\/wp\/v2\/posts"}],"about":[{"href":"https:\/\/canta.rr.gov.br\/institucional\/wp-json\/wp\/v2\/types\/post"}],"author":[{"embeddable":true,"href":"https:\/\/canta.rr.gov.br\/institucional\/wp-json\/wp\/v2\/users\/2"}],"replies":[{"embeddable":true,"href":"https:\/\/canta.rr.gov.br\/institucional\/wp-json\/wp\/v2\/comments?post=296"}],"version-history":[{"count":0,"href":"https:\/\/canta.rr.gov.br\/institucional\/wp-json\/wp\/v2\/posts\/296\/revisions"}],"wp:featuredmedia":[{"embeddable":true,"href":"https:\/\/canta.rr.gov.br\/institucional\/wp-json\/wp\/v2\/media\/295"}],"wp:attachment":[{"href":"https:\/\/canta.rr.gov.br\/institucional\/wp-json\/wp\/v2\/media?parent=296"}],"wp:term":[{"taxonomy":"category","embeddable":true,"href":"https:\/\/canta.rr.gov.br\/institucional\/wp-json\/wp\/v2\/categories?post=296"},{"taxonomy":"post_tag","embeddable":true,"href":"https:\/\/canta.rr.gov.br\/institucional\/wp-json\/wp\/v2\/tags?post=296"}],"curies":[{"name":"wp","href":"https:\/\/api.w.org\/{rel}","templated":true}]}}