{"id":298,"date":"2026-09-01T09:07:00","date_gmt":"2026-09-01T13:07:00","guid":{"rendered":"https:\/\/canta.rr.gov.br\/institucional\/prefeitura-de-canta-inicia-projeto-gpvti-para-proteger-territorios-indigenas\/"},"modified":"2026-09-01T09:07:00","modified_gmt":"2026-09-01T13:07:00","slug":"prefeitura-de-canta-inicia-projeto-gpvti-para-proteger-territorios-indigenas","status":"publish","type":"post","link":"https:\/\/canta.rr.gov.br\/institucional\/prefeitura-de-canta-inicia-projeto-gpvti-para-proteger-territorios-indigenas\/","title":{"rendered":"Prefeitura de Cant\u00e1 inicia projeto GPVTI para proteger territ\u00f3rios ind\u00edgenas"},"content":{"rendered":"<p>A Prefeitura Municipal de Cant\u00e1, por meio da Secretaria Municipal de Assuntos Ind\u00edgenas, iniciou a execu\u00e7\u00e3o do projeto <em>GPVTI<\/em> \u2013 Gest\u00e3o e Prote\u00e7\u00e3o de Vigil\u00e2ncia dos Territ\u00f3rios Ind\u00edgenas. A iniciativa posiciona Cant\u00e1 como o <strong>primeiro munic\u00edpio de Roraima<\/strong> a implementar esta a\u00e7\u00e3o em comunidades ind\u00edgenas, visando fortalecer a prote\u00e7\u00e3o e a vigil\u00e2ncia territorial. Esta medida refor\u00e7a o compromisso da administra\u00e7\u00e3o municipal com os povos origin\u00e1rios e a sustentabilidade ambiental.<\/p>\n<p>Para a concretiza\u00e7\u00e3o do <em>GPVTI<\/em>, a Prefeitura Municipal realizou a aquisi\u00e7\u00e3o e entrega de importantes equipamentos que auxiliar\u00e3o nas atividades de vigil\u00e2ncia. Foram disponibilizadas <strong>9 motocicletas<\/strong>, essenciais para o deslocamento em \u00e1reas de dif\u00edcil acesso, al\u00e9m de <strong>18 capacetes<\/strong> para a seguran\u00e7a dos vigilantes. O projeto tamb\u00e9m contemplou a entrega de <strong>3 geradores<\/strong> para assegurar energia em pontos estrat\u00e9gicos, <strong>3 motosserras<\/strong> para manejo e manuten\u00e7\u00e3o de trilhas, e <strong>70 kits de fardamento<\/strong>, padronizando e identificando as equipes. Estes recursos beneficiam diretamente as comunidades <strong>Malacacheta, Tabalascada e Canauanim<\/strong>, capacitando-as para uma gest\u00e3o mais efetiva de seus territ\u00f3rios.<\/p>\n<p>A import\u00e2ncia do projeto <em>GPVTI<\/em> transcende a mera entrega de equipamentos, consolidando uma pol\u00edtica p\u00fablica de valoriza\u00e7\u00e3o e respeito aos povos ind\u00edgenas. A a\u00e7\u00e3o visa combater atividades il\u00edcitas, como o desmatamento, que amea\u00e7am a integridade dos territ\u00f3rios e a subsist\u00eancia das comunidades. Ao fortalecer a vigil\u00e2ncia, a Prefeitura de Cant\u00e1 contribui para a preserva\u00e7\u00e3o ambiental e a manuten\u00e7\u00e3o das tradi\u00e7\u00f5es culturais. Esta iniciativa se alinha \u00e0s diretrizes nacionais de prote\u00e7\u00e3o territorial, garantindo um futuro mais seguro e sustent\u00e1vel para as gera\u00e7\u00f5es ind\u00edgenas, reafirmando a autonomia e o direito \u00e0 terra.<\/p>\n<blockquote><p>\n    A execu\u00e7\u00e3o do projeto GPVTI em Cant\u00e1 demonstra o compromisso inabal\u00e1vel da gest\u00e3o municipal com a defesa dos direitos dos povos ind\u00edgenas. Fornecer ferramentas para que as pr\u00f3prias comunidades protejam seus territ\u00f3rios \u00e9 um passo fundamental. Acreditamos que esta parceria fortalece a governan\u00e7a territorial e promove a sustentabilidade, servindo como modelo para outras regi\u00f5es. O objetivo \u00e9 assegurar a integridade e a prosperidade das comunidades origin\u00e1rias.\n<\/p><\/blockquote>\n<p>Para assegurar a plena efetividade do projeto, a Secretaria Municipal de Assuntos Ind\u00edgenas continuar\u00e1 oferecendo suporte t\u00e9cnico e acompanhamento \u00e0s comunidades beneficiadas. Orienta\u00e7\u00f5es sobre o uso e a manuten\u00e7\u00e3o dos equipamentos ser\u00e3o fornecidas, garantindo a durabilidade e a efici\u00eancia das ferramentas. As comunidades podem buscar informa\u00e7\u00f5es adicionais ou solicitar apoio diretamente na sede da Secretaria Municipal de Assuntos Ind\u00edgenas, localizada no centro de Cant\u00e1, ou atrav\u00e9s dos canais de comunica\u00e7\u00e3o oficiais da Prefeitura Municipal, dispon\u00edveis no portal institucional. A gest\u00e3o municipal reitera seu empenho em manter um di\u00e1logo constante e construtivo com os l\u00edderes e membros das comunidades ind\u00edgenas.<\/p>\n<p>Este projeto representa um marco para a pol\u00edtica indigenista do munic\u00edpio de Cant\u00e1 e de Roraima, estabelecendo um precedente para futuras a\u00e7\u00f5es de prote\u00e7\u00e3o territorial. A Prefeitura Municipal planeja monitorar os resultados do <em>GPVTI<\/em> nas comunidades Malacacheta, Tabalascada e Canauanim, avaliando a possibilidade de expandir a iniciativa para outras aldeias. O sucesso desta fase inicial ser\u00e1 crucial para a constru\u00e7\u00e3o de um plano de longo prazo que contemple a seguran\u00e7a e o desenvolvimento sustent\u00e1vel de todos os territ\u00f3rios ind\u00edgenas do munic\u00edpio. A colabora\u00e7\u00e3o entre o poder p\u00fablico, o legislativo e as comunidades \u00e9 a base para a constru\u00e7\u00e3o de um futuro de respeito e prosperidade.<\/p>\n","protected":false},"excerpt":{"rendered":"<p>A import\u00e2ncia do projeto GPVTI transcende a mera entrega de equipamentos, consolidando uma pol\u00edtica p\u00fablica de valoriza\u00e7\u00e3o e respeito aos povos ind\u00edgenas. A a\u00e7\u00e3o visa combater atividades il\u00edcitas, como o desmatamento, que amea\u00e7am a integridade dos territ\u00f3rios e a subsist\u00eancia das comunidades.<\/p>\n","protected":false},"author":2,"featured_media":297,"comment_status":"open","ping_status":"open","sticky":false,"template":"","format":"standard","meta":{"footnotes":""},"categories":[11],"tags":[],"class_list":["post-298","post","type-post","status-publish","format-standard","has-post-thumbnail","hentry","category-assuntos-indigenas"],"_links":{"self":[{"href":"https:\/\/canta.rr.gov.br\/institucional\/wp-json\/wp\/v2\/posts\/298","targetHints":{"allow":["GET"]}}],"collection":[{"href":"https:\/\/canta.rr.gov.br\/institucional\/wp-json\/wp\/v2\/posts"}],"about":[{"href":"https:\/\/canta.rr.gov.br\/institucional\/wp-json\/wp\/v2\/types\/post"}],"author":[{"embeddable":true,"href":"https:\/\/canta.rr.gov.br\/institucional\/wp-json\/wp\/v2\/users\/2"}],"replies":[{"embeddable":true,"href":"https:\/\/canta.rr.gov.br\/institucional\/wp-json\/wp\/v2\/comments?post=298"}],"version-history":[{"count":0,"href":"https:\/\/canta.rr.gov.br\/institucional\/wp-json\/wp\/v2\/posts\/298\/revisions"}],"wp:featuredmedia":[{"embeddable":true,"href":"https:\/\/canta.rr.gov.br\/institucional\/wp-json\/wp\/v2\/media\/297"}],"wp:attachment":[{"href":"https:\/\/canta.rr.gov.br\/institucional\/wp-json\/wp\/v2\/media?parent=298"}],"wp:term":[{"taxonomy":"category","embeddable":true,"href":"https:\/\/canta.rr.gov.br\/institucional\/wp-json\/wp\/v2\/categories?post=298"},{"taxonomy":"post_tag","embeddable":true,"href":"https:\/\/canta.rr.gov.br\/institucional\/wp-json\/wp\/v2\/tags?post=298"}],"curies":[{"name":"wp","href":"https:\/\/api.w.org\/{rel}","templated":true}]}}